{"id":3034,"date":"2026-04-24T11:39:36","date_gmt":"2026-04-24T14:39:36","guid":{"rendered":"https:\/\/gallantfournier.com\/2026-exposition-reensauvagement-de-la-deesse\/"},"modified":"2026-04-24T11:39:36","modified_gmt":"2026-04-24T14:39:36","slug":"2026-exposition-reensauvagement-de-la-deesse","status":"publish","type":"post","link":"https:\/\/gallantfournier.com\/fr\/2026-exposition-reensauvagement-de-la-deesse\/","title":{"rendered":"2026 Exposition \u00ab\u00a0R\u00e9ensauvagement de la d\u00e9esse\u00a0\u00bb"},"content":{"rendered":"<p>Le projet \u00ab\u00a0R\u00e9ensauvagement de la d\u00e9esse\u00a0\u00bb a d&rsquo;abord eu lieu en pleine nature, \u00e0 travers des installations \u00e9ph\u00e9m\u00e8res. Pr\u00e9sent\u00e9e en galerie, cette nouvelle version en pr\u00e9serve l&rsquo;esprit, tout en ouvrant une br\u00e8che dans le temps. La plupart des d\u00e9esses ont \u00e9t\u00e9 pr\u00e9sent\u00e9es sur des meubles patrimoniaux issus de la collection du Mus\u00e9e historique du Madawaska. D\u00e9tourn\u00e9s de leur usage domestique, ces meubles sont devenus des autels, aussi surfaces de m\u00e9moires charg\u00e9es d&rsquo;histoires, transformant l&rsquo;exposition en un lieu de rencontre entre h\u00e9ritage et r\u00e9invention.   <\/p>\n<p>Comme dans les installations en nature, les d\u00e9esses pr\u00e9sent\u00e9es en galerie nous invitent \u00e0 \u00e9largir notre \u00e9coute. Elles prolongent le plaidoyer face \u00e0 l&rsquo;effritement des \u00e9cosyst\u00e8mes, nous rappelant que le r\u00e9ensauvagement n&rsquo;est pas un retour en arri\u00e8re, mais un engagement actif \u00e0 retisser notre lien sacr\u00e9 avec la Terre. M\u00eame entre les murs, la d\u00e9esse demeure indompt\u00e9e, traversant la pierre et le bois comme le vent traverse la clari\u00e8re, rappelant que le sacr\u00e9 peut \u00e9merger partout o\u00f9 nous choisissons de l&rsquo;honorer.  <\/p>\n<p>Un sinc\u00e8re merci \u00e0 tous ceux qui ont r\u00e9pondu \u00e0 l&rsquo;invitation et contribu\u00e9 \u00e0 faire de cette exposition un lieu d&rsquo;intentions partag\u00e9es. Vos offrandes de fleurs, accompagn\u00e9s de vos souhaits pour l&rsquo;amour et la paix dans le monde. ont nourri un mouvement collectif, discret mais profond\u00e9ment porteur de sens, tourn\u00e9 vers l&rsquo;humanit\u00e9 et la plan\u00e8te. <\/p>\n","protected":false},"excerpt":{"rendered":"<p>Le projet \u00ab\u00a0R\u00e9ensauvagement de la d\u00e9esse\u00a0\u00bb a d&rsquo;abord eu lieu en pleine nature, \u00e0 travers des installations \u00e9ph\u00e9m\u00e8res. Pr\u00e9sent\u00e9e en galerie, cette nouvelle version en pr\u00e9serve l&rsquo;esprit, tout en ouvrant une br\u00e8che dans le temps. La plupart des d\u00e9esses ont \u00e9t\u00e9 pr\u00e9sent\u00e9es sur des meubles patrimoniaux issus de la collection du Mus\u00e9e historique du Madawaska. D\u00e9tourn\u00e9s de leur usage domestique, ces meubles sont devenus des autels, aussi surfaces de m\u00e9moires charg\u00e9es d&rsquo;histoires, transformant l&rsquo;exposition en un lieu de rencontre entre h\u00e9ritage et r\u00e9invention. Comme dans les installations en nature, les d\u00e9esses pr\u00e9sent\u00e9es en galerie nous invitent \u00e0 \u00e9largir notre \u00e9coute. Elles prolongent le plaidoyer face \u00e0 l&rsquo;effritement des \u00e9cosyst\u00e8mes, nous rappelant que le r\u00e9ensauvagement n&rsquo;est pas un retour en arri\u00e8re, mais un engagement actif \u00e0 retisser notre lien sacr\u00e9 avec la Terre. M\u00eame entre les murs, la d\u00e9esse demeure indompt\u00e9e, traversant la pierre et le bois comme le vent traverse la clari\u00e8re, rappelant que le sacr\u00e9 peut \u00e9merger partout o\u00f9 nous choisissons de l&rsquo;honorer. Un sinc\u00e8re merci \u00e0 tous ceux qui ont r\u00e9pondu \u00e0 l&rsquo;invitation et contribu\u00e9 \u00e0 faire de cette exposition un lieu d&rsquo;intentions partag\u00e9es. Vos offrandes de fleurs, accompagn\u00e9s de vos souhaits pour l&rsquo;amour et la paix dans le monde. ont nourri un mouvement collectif, discret mais profond\u00e9ment porteur de sens, tourn\u00e9 vers l&rsquo;humanit\u00e9 et la plan\u00e8te.<\/p>\n","protected":false},"author":2,"featured_media":3031,"comment_status":"closed","ping_status":"closed","sticky":false,"template":"","format":"standard","meta":{"footnotes":""},"categories":[20],"tags":[],"class_list":{"0":"post-3034","1":"post","2":"type-post","3":"status-publish","4":"format-standard","5":"has-post-thumbnail","7":"category-non-classifiee"},"_links":{"self":[{"href":"https:\/\/gallantfournier.com\/fr\/wp-json\/wp\/v2\/posts\/3034","targetHints":{"allow":["GET"]}}],"collection":[{"href":"https:\/\/gallantfournier.com\/fr\/wp-json\/wp\/v2\/posts"}],"about":[{"href":"https:\/\/gallantfournier.com\/fr\/wp-json\/wp\/v2\/types\/post"}],"author":[{"embeddable":true,"href":"https:\/\/gallantfournier.com\/fr\/wp-json\/wp\/v2\/users\/2"}],"replies":[{"embeddable":true,"href":"https:\/\/gallantfournier.com\/fr\/wp-json\/wp\/v2\/comments?post=3034"}],"version-history":[{"count":0,"href":"https:\/\/gallantfournier.com\/fr\/wp-json\/wp\/v2\/posts\/3034\/revisions"}],"wp:featuredmedia":[{"embeddable":true,"href":"https:\/\/gallantfournier.com\/fr\/wp-json\/wp\/v2\/media\/3031"}],"wp:attachment":[{"href":"https:\/\/gallantfournier.com\/fr\/wp-json\/wp\/v2\/media?parent=3034"}],"wp:term":[{"taxonomy":"category","embeddable":true,"href":"https:\/\/gallantfournier.com\/fr\/wp-json\/wp\/v2\/categories?post=3034"},{"taxonomy":"post_tag","embeddable":true,"href":"https:\/\/gallantfournier.com\/fr\/wp-json\/wp\/v2\/tags?post=3034"}],"curies":[{"name":"wp","href":"https:\/\/api.w.org\/{rel}","templated":true}]}}